{"id":281,"date":"2024-04-08T11:25:07","date_gmt":"2024-04-08T14:25:07","guid":{"rendered":"https:\/\/nfecloud.com.br\/ajuda\/?p=281"},"modified":"2024-04-08T11:25:07","modified_gmt":"2024-04-08T14:25:07","slug":"e-possivel-reconsiderar-o-registro-de-um-destes-eventos","status":"publish","type":"post","link":"https:\/\/nfecloud.com.br\/ajuda\/e-possivel-reconsiderar-o-registro-de-um-destes-eventos\/","title":{"rendered":"\u00c9 poss\u00edvel reconsiderar o registro de um destes eventos?"},"content":{"rendered":"\n<p>O destinat\u00e1rio poder\u00e1 enviar uma \u00fanica manifesta\u00e7\u00e3o de Confirma\u00e7\u00e3o da Opera\u00e7\u00e3o, Desconhecimento da Opera\u00e7\u00e3o ou Opera\u00e7\u00e3o n\u00e3o Realizada, valendo apenas a \u00faltima mensagem registrada. Exemplo: o destinat\u00e1rio pode desconhecer uma opera\u00e7\u00e3o que havia confirmado inicialmente ou confirmar uma opera\u00e7\u00e3o que havia desconhecido inicialmente.<\/p>\n\n\n\n<p><strong>O evento de \u201cCi\u00eancia da Emiss\u00e3o\u201d n\u00e3o configura a manifesta\u00e7\u00e3o final do destinat\u00e1rio, portanto n\u00e3o cabe o registro deste evento ap\u00f3s a manifesta\u00e7\u00e3o final do destinat\u00e1rio.<\/strong><\/p>\n\n\n\n<p>Fonte:&nbsp;<a href=\"http:\/\/www.nfe.fazenda.gov.br\/portal\/perguntasFrequentes.aspx?tipoConteudo=yjOJMwFOkA0=\" target=\"_blank\" rel=\"noreferrer noopener\">Portal da Nota Fiscal Eletr\u00f4nica da Secretaria da Fazenda<\/a><\/p>\n","protected":false},"excerpt":{"rendered":"<p>O destinat\u00e1rio poder\u00e1 enviar uma \u00fanica manifesta\u00e7\u00e3o de Confirma\u00e7\u00e3o da Opera\u00e7\u00e3o, Desconhecimento da Opera\u00e7\u00e3o ou Opera\u00e7\u00e3o n\u00e3o Realizada, valendo apenas a \u00faltima mensagem registrada. Exemplo: o destinat\u00e1rio pode desconhecer uma opera\u00e7\u00e3o que havia confirmado inicialmente ou confirmar uma opera\u00e7\u00e3o que havia desconhecido inicialmente. O evento de \u201cCi\u00eancia da Emiss\u00e3o\u201d n\u00e3o configura a manifesta\u00e7\u00e3o final do [&hellip;]<\/p>\n","protected":false},"author":1,"featured_media":0,"comment_status":"open","ping_status":"open","sticky":false,"template":"","format":"standard","meta":{"footnotes":""},"categories":[13],"tags":[],"class_list":["post-281","post","type-post","status-publish","format-standard","hentry","category-manifestacao-do-destinatario-e-obrigacoes-fiscais"],"_links":{"self":[{"href":"https:\/\/nfecloud.com.br\/ajuda\/wp-json\/wp\/v2\/posts\/281","targetHints":{"allow":["GET"]}}],"collection":[{"href":"https:\/\/nfecloud.com.br\/ajuda\/wp-json\/wp\/v2\/posts"}],"about":[{"href":"https:\/\/nfecloud.com.br\/ajuda\/wp-json\/wp\/v2\/types\/post"}],"author":[{"embeddable":true,"href":"https:\/\/nfecloud.com.br\/ajuda\/wp-json\/wp\/v2\/users\/1"}],"replies":[{"embeddable":true,"href":"https:\/\/nfecloud.com.br\/ajuda\/wp-json\/wp\/v2\/comments?post=281"}],"version-history":[{"count":1,"href":"https:\/\/nfecloud.com.br\/ajuda\/wp-json\/wp\/v2\/posts\/281\/revisions"}],"predecessor-version":[{"id":282,"href":"https:\/\/nfecloud.com.br\/ajuda\/wp-json\/wp\/v2\/posts\/281\/revisions\/282"}],"wp:attachment":[{"href":"https:\/\/nfecloud.com.br\/ajuda\/wp-json\/wp\/v2\/media?parent=281"}],"wp:term":[{"taxonomy":"category","embeddable":true,"href":"https:\/\/nfecloud.com.br\/ajuda\/wp-json\/wp\/v2\/categories?post=281"},{"taxonomy":"post_tag","embeddable":true,"href":"https:\/\/nfecloud.com.br\/ajuda\/wp-json\/wp\/v2\/tags?post=281"}],"curies":[{"name":"wp","href":"https:\/\/api.w.org\/{rel}","templated":true}]}}